{"id":2021,"date":"2025-03-18T09:45:05","date_gmt":"2025-03-18T08:45:05","guid":{"rendered":"https:\/\/littlevenise.fr\/?p=2021"},"modified":"2025-04-04T12:50:10","modified_gmt":"2025-04-04T10:50:10","slug":"campagnes-de-communication","status":"publish","type":"post","link":"https:\/\/littlevenise.fr\/index.php\/2025\/03\/18\/campagnes-de-communication\/","title":{"rendered":"Albi expo salon et foire"},"content":{"rendered":"\n<p class=\"has-text-align-center\"><strong>Albi expo confie au studio<strong> la conception &amp; la r\u00e9alisation de l&rsquo;image et des supports des campagnes de communication <\/strong>de la Foire d&rsquo;Albi et du Salon du Mariage et de la Gastronomie 2018<\/strong><\/p>\n\n\n<div class=\"wp-block-image\">\n<figure class=\"aligncenter\"><img data-recalc-dims=\"1\" height=\"532\" width=\"525\" decoding=\"async\" src=\"https:\/\/i0.wp.com\/www.nose-store.com\/wp-content\/uploads\/2018\/03\/Outdoor-Sign-Mockup-024X3-OK-700x709.jpg?resize=525%2C532\" alt=\"Outdoor Sign Mockup 024X3 OK\" class=\"wp-image-1741\"\/><\/figure>\n<\/div>\n\n<div class=\"wp-block-image\">\n<figure class=\"aligncenter\"><img data-recalc-dims=\"1\" height=\"608\" width=\"525\" decoding=\"async\" src=\"https:\/\/i0.wp.com\/www.nose-store.com\/wp-content\/uploads\/2018\/03\/billboard-LIGHT-3-700x810.jpg?resize=525%2C608\" alt=\"billboard-LIGHT\" class=\"wp-image-1736\"\/><\/figure>\n<\/div>\n\n<div class=\"wp-block-image\">\n<figure class=\"aligncenter\"><img data-recalc-dims=\"1\" height=\"367\" width=\"525\" decoding=\"async\" src=\"https:\/\/i0.wp.com\/www.nose-store.com\/wp-content\/uploads\/2018\/03\/busdoor-700x489.jpg?resize=525%2C367\" alt=\"busdoor\" class=\"wp-image-1737\"\/><\/figure>\n<\/div>\n\n<div class=\"wp-block-image\">\n<figure class=\"aligncenter\"><img data-recalc-dims=\"1\" height=\"316\" width=\"525\" decoding=\"async\" src=\"https:\/\/i0.wp.com\/www.nose-store.com\/wp-content\/uploads\/2018\/03\/5-2-700x421.png?resize=525%2C316\" alt=\"5 2\" class=\"wp-image-1734\"\/><\/figure>\n<\/div>\n\n<div class=\"wp-block-image\">\n<figure class=\"aligncenter\"><img data-recalc-dims=\"1\" height=\"434\" width=\"525\" decoding=\"async\" src=\"https:\/\/i0.wp.com\/www.nose-store.com\/wp-content\/uploads\/2018\/03\/PARUTION-DEPECHE-1-700x579.png?resize=525%2C434\" alt=\"PARUTION DEPECHE\" class=\"wp-image-1742\"\/><\/figure>\n<\/div>\n\n<div class=\"wp-block-image\">\n<figure class=\"aligncenter\"><img data-recalc-dims=\"1\" height=\"532\" width=\"525\" decoding=\"async\" src=\"https:\/\/i0.wp.com\/www.nose-store.com\/wp-content\/uploads\/2018\/03\/Outdoor-Sign-Mockup-024X3-OK-4-700x709.jpg?resize=525%2C532\" alt=\"Outdoor Sign Mockup 024X3 OK\" class=\"wp-image-1847\"\/><\/figure>\n<\/div>\n\n<div class=\"wp-block-image\">\n<figure class=\"aligncenter\"><img data-recalc-dims=\"1\" height=\"608\" width=\"525\" decoding=\"async\" src=\"https:\/\/i0.wp.com\/www.nose-store.com\/wp-content\/uploads\/2018\/03\/billboard-LIGHT-8-700x810.jpg?resize=525%2C608\" alt=\"billboard-LIGHT\" class=\"wp-image-1844\"\/><\/figure>\n<\/div>\n\n<div class=\"wp-block-image\">\n<figure class=\"aligncenter\"><img data-recalc-dims=\"1\" height=\"600\" width=\"525\" decoding=\"async\" src=\"https:\/\/i0.wp.com\/www.nose-store.com\/wp-content\/uploads\/2018\/03\/A0-PSD-Poster-Mockup-7-700x800.png?resize=525%2C600\" alt=\"A0 PSD Poster Mockup\" class=\"wp-image-1843\"\/><\/figure>\n<\/div>\n\n<div class=\"wp-block-image\">\n<figure class=\"aligncenter\"><img data-recalc-dims=\"1\" height=\"367\" width=\"525\" decoding=\"async\" src=\"https:\/\/i0.wp.com\/www.nose-store.com\/wp-content\/uploads\/2018\/03\/busdoor-3-700x489.jpg?resize=525%2C367\" alt=\"busdoor\" class=\"wp-image-1845\"\/><\/figure>\n<\/div>\n\n<div class=\"wp-block-image\">\n<figure class=\"aligncenter\"><img data-recalc-dims=\"1\" height=\"316\" width=\"525\" decoding=\"async\" src=\"https:\/\/i0.wp.com\/www.nose-store.com\/wp-content\/uploads\/2018\/03\/5-2-4-700x421.png?resize=525%2C316\" alt=\"5 2\" class=\"wp-image-1841\"\/><\/figure>\n<\/div>","protected":false},"excerpt":{"rendered":"<p>Albi expo confie au studio la conception &amp; la r\u00e9alisation de l&rsquo;image et des supports des campagnes de communication de la Foire d&rsquo;Albi et du Salon du Mariage et de la Gastronomie 2018<\/p>\n","protected":false},"author":2,"featured_media":1967,"comment_status":"closed","ping_status":"closed","sticky":false,"template":"","format":"standard","meta":{"_acf_changed":false,"_jetpack_memberships_contains_paid_content":false,"footnotes":"","jetpack_publicize_message":"","jetpack_publicize_feature_enabled":true,"jetpack_social_post_already_shared":false,"jetpack_social_options":{"image_generator_settings":{"template":"highway","default_image_id":0,"font":"","enabled":false},"version":2}},"categories":[16,10],"tags":[],"class_list":["post-2021","post","type-post","status-publish","format-standard","has-post-thumbnail","hentry","category-campagne-de-communication","category-creation-visuelle-evenements"],"acf":[],"yoast_head":"<!-- This site is optimized with the Yoast SEO plugin v27.4 - https:\/\/yoast.com\/product\/yoast-seo-wordpress\/ -->\n<title>Albi expo salon et foire - Little Venise - Castres<\/title>\n<meta name=\"description\" content=\"D\u00e9couvrez les cr\u00e9ations visuelles r\u00e9alis\u00e9es par Little Venise pour les campagnes de communication de la Foire et du Salon du Mariage d&#039;Albi 2018.\" \/>\n<meta name=\"robots\" content=\"index, follow, max-snippet:-1, max-image-preview:large, max-video-preview:-1\" \/>\n<link rel=\"canonical\" href=\"https:\/\/littlevenise.fr\/index.php\/2025\/03\/18\/campagnes-de-communication\/\" \/>\n<meta property=\"og:locale\" content=\"fr_FR\" \/>\n<meta property=\"og:type\" content=\"article\" \/>\n<meta property=\"og:title\" content=\"Albi expo salon et foire - Little Venise - Castres\" \/>\n<meta property=\"og:description\" content=\"D\u00e9couvrez les cr\u00e9ations visuelles r\u00e9alis\u00e9es par Little Venise pour les campagnes de communication de la Foire et du Salon du Mariage d&#039;Albi 2018.\" \/>\n<meta property=\"og:url\" content=\"https:\/\/littlevenise.fr\/index.php\/2025\/03\/18\/campagnes-de-communication\/\" \/>\n<meta property=\"og:site_name\" content=\"Little Venise - Castres\" \/>\n<meta property=\"article:publisher\" content=\"https:\/\/www.facebook.com\/profile.php?id=61571976762357\" \/>\n<meta property=\"article:published_time\" content=\"2025-03-18T08:45:05+00:00\" \/>\n<meta property=\"article:modified_time\" content=\"2025-04-04T10:50:10+00:00\" \/>\n<meta property=\"og:image\" content=\"https:\/\/littlevenise.fr\/wp-content\/uploads\/2025\/01\/2000x1200-HEADER_converted45.jpg\" \/>\n\t<meta property=\"og:image:width\" content=\"2000\" \/>\n\t<meta property=\"og:image:height\" content=\"1200\" \/>\n\t<meta property=\"og:image:type\" content=\"image\/jpeg\" \/>\n<meta name=\"author\" content=\"Little Venise\" \/>\n<meta name=\"twitter:card\" content=\"summary_large_image\" \/>\n<meta name=\"twitter:label1\" content=\"\u00c9crit par\" \/>\n\t<meta name=\"twitter:data1\" content=\"Little Venise\" \/>\n\t<meta name=\"twitter:label2\" content=\"Dur\u00e9e de lecture estim\u00e9e\" \/>\n\t<meta name=\"twitter:data2\" content=\"3 minutes\" \/>\n<script type=\"application\/ld+json\" class=\"yoast-schema-graph\">{\"@context\":\"https:\\\/\\\/schema.org\",\"@graph\":[{\"@type\":\"Article\",\"@id\":\"https:\\\/\\\/littlevenise.fr\\\/index.php\\\/2025\\\/03\\\/18\\\/campagnes-de-communication\\\/#article\",\"isPartOf\":{\"@id\":\"https:\\\/\\\/littlevenise.fr\\\/index.php\\\/2025\\\/03\\\/18\\\/campagnes-de-communication\\\/\"},\"author\":{\"name\":\"Little Venise\",\"@id\":\"https:\\\/\\\/littlevenise.fr\\\/#\\\/schema\\\/person\\\/a8a7b7cd3ac4027d36ae51a8f58b094a\"},\"headline\":\"Albi expo salon et foire\",\"datePublished\":\"2025-03-18T08:45:05+00:00\",\"dateModified\":\"2025-04-04T10:50:10+00:00\",\"mainEntityOfPage\":{\"@id\":\"https:\\\/\\\/littlevenise.fr\\\/index.php\\\/2025\\\/03\\\/18\\\/campagnes-de-communication\\\/\"},\"wordCount\":40,\"publisher\":{\"@id\":\"https:\\\/\\\/littlevenise.fr\\\/#organization\"},\"image\":{\"@id\":\"https:\\\/\\\/littlevenise.fr\\\/index.php\\\/2025\\\/03\\\/18\\\/campagnes-de-communication\\\/#primaryimage\"},\"thumbnailUrl\":\"https:\\\/\\\/i0.wp.com\\\/littlevenise.fr\\\/wp-content\\\/uploads\\\/2025\\\/01\\\/2000x1200-HEADER_converted45.jpg?fit=2000%2C1200&ssl=1\",\"articleSection\":[\"Campagne de communication\",\"Cr\u00e9ation visuelle \u00e9v\u00e9nements\"],\"inLanguage\":\"fr-FR\"},{\"@type\":\"WebPage\",\"@id\":\"https:\\\/\\\/littlevenise.fr\\\/index.php\\\/2025\\\/03\\\/18\\\/campagnes-de-communication\\\/\",\"url\":\"https:\\\/\\\/littlevenise.fr\\\/index.php\\\/2025\\\/03\\\/18\\\/campagnes-de-communication\\\/\",\"name\":\"Albi expo salon et foire - Little Venise - Castres\",\"isPartOf\":{\"@id\":\"https:\\\/\\\/littlevenise.fr\\\/#website\"},\"primaryImageOfPage\":{\"@id\":\"https:\\\/\\\/littlevenise.fr\\\/index.php\\\/2025\\\/03\\\/18\\\/campagnes-de-communication\\\/#primaryimage\"},\"image\":{\"@id\":\"https:\\\/\\\/littlevenise.fr\\\/index.php\\\/2025\\\/03\\\/18\\\/campagnes-de-communication\\\/#primaryimage\"},\"thumbnailUrl\":\"https:\\\/\\\/i0.wp.com\\\/littlevenise.fr\\\/wp-content\\\/uploads\\\/2025\\\/01\\\/2000x1200-HEADER_converted45.jpg?fit=2000%2C1200&ssl=1\",\"datePublished\":\"2025-03-18T08:45:05+00:00\",\"dateModified\":\"2025-04-04T10:50:10+00:00\",\"description\":\"D\u00e9couvrez les cr\u00e9ations visuelles r\u00e9alis\u00e9es par Little Venise pour les campagnes de communication de la Foire et du Salon du Mariage d'Albi 2018.\",\"breadcrumb\":{\"@id\":\"https:\\\/\\\/littlevenise.fr\\\/index.php\\\/2025\\\/03\\\/18\\\/campagnes-de-communication\\\/#breadcrumb\"},\"inLanguage\":\"fr-FR\",\"potentialAction\":[{\"@type\":\"ReadAction\",\"target\":[\"https:\\\/\\\/littlevenise.fr\\\/index.php\\\/2025\\\/03\\\/18\\\/campagnes-de-communication\\\/\"]}]},{\"@type\":\"ImageObject\",\"inLanguage\":\"fr-FR\",\"@id\":\"https:\\\/\\\/littlevenise.fr\\\/index.php\\\/2025\\\/03\\\/18\\\/campagnes-de-communication\\\/#primaryimage\",\"url\":\"https:\\\/\\\/i0.wp.com\\\/littlevenise.fr\\\/wp-content\\\/uploads\\\/2025\\\/01\\\/2000x1200-HEADER_converted45.jpg?fit=2000%2C1200&ssl=1\",\"contentUrl\":\"https:\\\/\\\/i0.wp.com\\\/littlevenise.fr\\\/wp-content\\\/uploads\\\/2025\\\/01\\\/2000x1200-HEADER_converted45.jpg?fit=2000%2C1200&ssl=1\",\"width\":2000,\"height\":1200},{\"@type\":\"BreadcrumbList\",\"@id\":\"https:\\\/\\\/littlevenise.fr\\\/index.php\\\/2025\\\/03\\\/18\\\/campagnes-de-communication\\\/#breadcrumb\",\"itemListElement\":[{\"@type\":\"ListItem\",\"position\":1,\"name\":\"Accueil\",\"item\":\"https:\\\/\\\/littlevenise.fr\\\/\"},{\"@type\":\"ListItem\",\"position\":2,\"name\":\"Albi expo salon et foire\"}]},{\"@type\":\"WebSite\",\"@id\":\"https:\\\/\\\/littlevenise.fr\\\/#website\",\"url\":\"https:\\\/\\\/littlevenise.fr\\\/\",\"name\":\"Agence de publicit\u00e9 et studio de cr\u00e9ation - Little Venise - Castres\",\"description\":\"Des id\u00e9es pour vous d\u00e9marquer.\",\"publisher\":{\"@id\":\"https:\\\/\\\/littlevenise.fr\\\/#organization\"},\"potentialAction\":[{\"@type\":\"SearchAction\",\"target\":{\"@type\":\"EntryPoint\",\"urlTemplate\":\"https:\\\/\\\/littlevenise.fr\\\/?s={search_term_string}\"},\"query-input\":{\"@type\":\"PropertyValueSpecification\",\"valueRequired\":true,\"valueName\":\"search_term_string\"}}],\"inLanguage\":\"fr-FR\"},{\"@type\":\"Organization\",\"@id\":\"https:\\\/\\\/littlevenise.fr\\\/#organization\",\"name\":\"Little Venise\",\"url\":\"https:\\\/\\\/littlevenise.fr\\\/\",\"logo\":{\"@type\":\"ImageObject\",\"inLanguage\":\"fr-FR\",\"@id\":\"https:\\\/\\\/littlevenise.fr\\\/#\\\/schema\\\/logo\\\/image\\\/\",\"url\":\"https:\\\/\\\/littlevenise.fr\\\/wp-content\\\/uploads\\\/2025\\\/02\\\/512x512-LITTLE-VENISE-V4.jpg\",\"contentUrl\":\"https:\\\/\\\/littlevenise.fr\\\/wp-content\\\/uploads\\\/2025\\\/02\\\/512x512-LITTLE-VENISE-V4.jpg\",\"width\":512,\"height\":512,\"caption\":\"Little Venise\"},\"image\":{\"@id\":\"https:\\\/\\\/littlevenise.fr\\\/#\\\/schema\\\/logo\\\/image\\\/\"},\"sameAs\":[\"https:\\\/\\\/www.facebook.com\\\/profile.php?id=61571976762357\",\"https:\\\/\\\/www.instagram.com\\\/little_venise\\\/\",\"https:\\\/\\\/www.linkedin.com\\\/company\\\/little-venise\\\/about\\\/?viewAsMember=true\"]},{\"@type\":\"Person\",\"@id\":\"https:\\\/\\\/littlevenise.fr\\\/#\\\/schema\\\/person\\\/a8a7b7cd3ac4027d36ae51a8f58b094a\",\"name\":\"Little Venise\",\"image\":{\"@type\":\"ImageObject\",\"inLanguage\":\"fr-FR\",\"@id\":\"https:\\\/\\\/secure.gravatar.com\\\/avatar\\\/687782457d89d908030765c43c8e8a844c1f093f9dae5478157c0b97da8a788f?s=96&d=mm&r=g\",\"url\":\"https:\\\/\\\/secure.gravatar.com\\\/avatar\\\/687782457d89d908030765c43c8e8a844c1f093f9dae5478157c0b97da8a788f?s=96&d=mm&r=g\",\"contentUrl\":\"https:\\\/\\\/secure.gravatar.com\\\/avatar\\\/687782457d89d908030765c43c8e8a844c1f093f9dae5478157c0b97da8a788f?s=96&d=mm&r=g\",\"caption\":\"Little Venise\"},\"url\":\"https:\\\/\\\/littlevenise.fr\\\/index.php\\\/author\\\/little-venise\\\/\"}]}<\/script>\n<!-- \/ Yoast SEO plugin. -->","yoast_head_json":{"title":"Albi expo salon et foire - Little Venise - Castres","description":"D\u00e9couvrez les cr\u00e9ations visuelles r\u00e9alis\u00e9es par Little Venise pour les campagnes de communication de la Foire et du Salon du Mariage d'Albi 2018.","robots":{"index":"index","follow":"follow","max-snippet":"max-snippet:-1","max-image-preview":"max-image-preview:large","max-video-preview":"max-video-preview:-1"},"canonical":"https:\/\/littlevenise.fr\/index.php\/2025\/03\/18\/campagnes-de-communication\/","og_locale":"fr_FR","og_type":"article","og_title":"Albi expo salon et foire - Little Venise - Castres","og_description":"D\u00e9couvrez les cr\u00e9ations visuelles r\u00e9alis\u00e9es par Little Venise pour les campagnes de communication de la Foire et du Salon du Mariage d'Albi 2018.","og_url":"https:\/\/littlevenise.fr\/index.php\/2025\/03\/18\/campagnes-de-communication\/","og_site_name":"Little Venise - Castres","article_publisher":"https:\/\/www.facebook.com\/profile.php?id=61571976762357","article_published_time":"2025-03-18T08:45:05+00:00","article_modified_time":"2025-04-04T10:50:10+00:00","og_image":[{"width":2000,"height":1200,"url":"https:\/\/littlevenise.fr\/wp-content\/uploads\/2025\/01\/2000x1200-HEADER_converted45.jpg","type":"image\/jpeg"}],"author":"Little Venise","twitter_card":"summary_large_image","twitter_misc":{"\u00c9crit par":"Little Venise","Dur\u00e9e de lecture estim\u00e9e":"3 minutes"},"schema":{"@context":"https:\/\/schema.org","@graph":[{"@type":"Article","@id":"https:\/\/littlevenise.fr\/index.php\/2025\/03\/18\/campagnes-de-communication\/#article","isPartOf":{"@id":"https:\/\/littlevenise.fr\/index.php\/2025\/03\/18\/campagnes-de-communication\/"},"author":{"name":"Little Venise","@id":"https:\/\/littlevenise.fr\/#\/schema\/person\/a8a7b7cd3ac4027d36ae51a8f58b094a"},"headline":"Albi expo salon et foire","datePublished":"2025-03-18T08:45:05+00:00","dateModified":"2025-04-04T10:50:10+00:00","mainEntityOfPage":{"@id":"https:\/\/littlevenise.fr\/index.php\/2025\/03\/18\/campagnes-de-communication\/"},"wordCount":40,"publisher":{"@id":"https:\/\/littlevenise.fr\/#organization"},"image":{"@id":"https:\/\/littlevenise.fr\/index.php\/2025\/03\/18\/campagnes-de-communication\/#primaryimage"},"thumbnailUrl":"https:\/\/i0.wp.com\/littlevenise.fr\/wp-content\/uploads\/2025\/01\/2000x1200-HEADER_converted45.jpg?fit=2000%2C1200&ssl=1","articleSection":["Campagne de communication","Cr\u00e9ation visuelle \u00e9v\u00e9nements"],"inLanguage":"fr-FR"},{"@type":"WebPage","@id":"https:\/\/littlevenise.fr\/index.php\/2025\/03\/18\/campagnes-de-communication\/","url":"https:\/\/littlevenise.fr\/index.php\/2025\/03\/18\/campagnes-de-communication\/","name":"Albi expo salon et foire - Little Venise - Castres","isPartOf":{"@id":"https:\/\/littlevenise.fr\/#website"},"primaryImageOfPage":{"@id":"https:\/\/littlevenise.fr\/index.php\/2025\/03\/18\/campagnes-de-communication\/#primaryimage"},"image":{"@id":"https:\/\/littlevenise.fr\/index.php\/2025\/03\/18\/campagnes-de-communication\/#primaryimage"},"thumbnailUrl":"https:\/\/i0.wp.com\/littlevenise.fr\/wp-content\/uploads\/2025\/01\/2000x1200-HEADER_converted45.jpg?fit=2000%2C1200&ssl=1","datePublished":"2025-03-18T08:45:05+00:00","dateModified":"2025-04-04T10:50:10+00:00","description":"D\u00e9couvrez les cr\u00e9ations visuelles r\u00e9alis\u00e9es par Little Venise pour les campagnes de communication de la Foire et du Salon du Mariage d'Albi 2018.","breadcrumb":{"@id":"https:\/\/littlevenise.fr\/index.php\/2025\/03\/18\/campagnes-de-communication\/#breadcrumb"},"inLanguage":"fr-FR","potentialAction":[{"@type":"ReadAction","target":["https:\/\/littlevenise.fr\/index.php\/2025\/03\/18\/campagnes-de-communication\/"]}]},{"@type":"ImageObject","inLanguage":"fr-FR","@id":"https:\/\/littlevenise.fr\/index.php\/2025\/03\/18\/campagnes-de-communication\/#primaryimage","url":"https:\/\/i0.wp.com\/littlevenise.fr\/wp-content\/uploads\/2025\/01\/2000x1200-HEADER_converted45.jpg?fit=2000%2C1200&ssl=1","contentUrl":"https:\/\/i0.wp.com\/littlevenise.fr\/wp-content\/uploads\/2025\/01\/2000x1200-HEADER_converted45.jpg?fit=2000%2C1200&ssl=1","width":2000,"height":1200},{"@type":"BreadcrumbList","@id":"https:\/\/littlevenise.fr\/index.php\/2025\/03\/18\/campagnes-de-communication\/#breadcrumb","itemListElement":[{"@type":"ListItem","position":1,"name":"Accueil","item":"https:\/\/littlevenise.fr\/"},{"@type":"ListItem","position":2,"name":"Albi expo salon et foire"}]},{"@type":"WebSite","@id":"https:\/\/littlevenise.fr\/#website","url":"https:\/\/littlevenise.fr\/","name":"Agence de publicit\u00e9 et studio de cr\u00e9ation - Little Venise - Castres","description":"Des id\u00e9es pour vous d\u00e9marquer.","publisher":{"@id":"https:\/\/littlevenise.fr\/#organization"},"potentialAction":[{"@type":"SearchAction","target":{"@type":"EntryPoint","urlTemplate":"https:\/\/littlevenise.fr\/?s={search_term_string}"},"query-input":{"@type":"PropertyValueSpecification","valueRequired":true,"valueName":"search_term_string"}}],"inLanguage":"fr-FR"},{"@type":"Organization","@id":"https:\/\/littlevenise.fr\/#organization","name":"Little Venise","url":"https:\/\/littlevenise.fr\/","logo":{"@type":"ImageObject","inLanguage":"fr-FR","@id":"https:\/\/littlevenise.fr\/#\/schema\/logo\/image\/","url":"https:\/\/littlevenise.fr\/wp-content\/uploads\/2025\/02\/512x512-LITTLE-VENISE-V4.jpg","contentUrl":"https:\/\/littlevenise.fr\/wp-content\/uploads\/2025\/02\/512x512-LITTLE-VENISE-V4.jpg","width":512,"height":512,"caption":"Little Venise"},"image":{"@id":"https:\/\/littlevenise.fr\/#\/schema\/logo\/image\/"},"sameAs":["https:\/\/www.facebook.com\/profile.php?id=61571976762357","https:\/\/www.instagram.com\/little_venise\/","https:\/\/www.linkedin.com\/company\/little-venise\/about\/?viewAsMember=true"]},{"@type":"Person","@id":"https:\/\/littlevenise.fr\/#\/schema\/person\/a8a7b7cd3ac4027d36ae51a8f58b094a","name":"Little Venise","image":{"@type":"ImageObject","inLanguage":"fr-FR","@id":"https:\/\/secure.gravatar.com\/avatar\/687782457d89d908030765c43c8e8a844c1f093f9dae5478157c0b97da8a788f?s=96&d=mm&r=g","url":"https:\/\/secure.gravatar.com\/avatar\/687782457d89d908030765c43c8e8a844c1f093f9dae5478157c0b97da8a788f?s=96&d=mm&r=g","contentUrl":"https:\/\/secure.gravatar.com\/avatar\/687782457d89d908030765c43c8e8a844c1f093f9dae5478157c0b97da8a788f?s=96&d=mm&r=g","caption":"Little Venise"},"url":"https:\/\/littlevenise.fr\/index.php\/author\/little-venise\/"}]}},"jetpack_publicize_connections":[],"jetpack_featured_media_url":"https:\/\/i0.wp.com\/littlevenise.fr\/wp-content\/uploads\/2025\/01\/2000x1200-HEADER_converted45.jpg?fit=2000%2C1200&ssl=1","jetpack_sharing_enabled":true,"jetpack_likes_enabled":true,"_links":{"self":[{"href":"https:\/\/littlevenise.fr\/index.php\/wp-json\/wp\/v2\/posts\/2021","targetHints":{"allow":["GET"]}}],"collection":[{"href":"https:\/\/littlevenise.fr\/index.php\/wp-json\/wp\/v2\/posts"}],"about":[{"href":"https:\/\/littlevenise.fr\/index.php\/wp-json\/wp\/v2\/types\/post"}],"author":[{"embeddable":true,"href":"https:\/\/littlevenise.fr\/index.php\/wp-json\/wp\/v2\/users\/2"}],"replies":[{"embeddable":true,"href":"https:\/\/littlevenise.fr\/index.php\/wp-json\/wp\/v2\/comments?post=2021"}],"version-history":[{"count":0,"href":"https:\/\/littlevenise.fr\/index.php\/wp-json\/wp\/v2\/posts\/2021\/revisions"}],"wp:featuredmedia":[{"embeddable":true,"href":"https:\/\/littlevenise.fr\/index.php\/wp-json\/wp\/v2\/media\/1967"}],"wp:attachment":[{"href":"https:\/\/littlevenise.fr\/index.php\/wp-json\/wp\/v2\/media?parent=2021"}],"wp:term":[{"taxonomy":"category","embeddable":true,"href":"https:\/\/littlevenise.fr\/index.php\/wp-json\/wp\/v2\/categories?post=2021"},{"taxonomy":"post_tag","embeddable":true,"href":"https:\/\/littlevenise.fr\/index.php\/wp-json\/wp\/v2\/tags?post=2021"}],"curies":[{"name":"wp","href":"https:\/\/api.w.org\/{rel}","templated":true}]}}